{"id":3479,"date":"2023-09-11T21:58:17","date_gmt":"2023-09-11T19:58:17","guid":{"rendered":"https:\/\/fundacjapronautis.pl\/?p=3479"},"modified":"2023-09-18T22:01:12","modified_gmt":"2023-09-18T20:01:12","slug":"kajaki-bez-granic","status":"publish","type":"post","link":"https:\/\/fundacjapronautis.pl\/index.php\/2023\/09\/11\/kajaki-bez-granic\/","title":{"rendered":"Kajaki bez Granic"},"content":{"rendered":"<div class=\"xdj266r x11i5rnm xat24cr x1mh8g0r x1vvkbs x126k92a\">\n<div dir=\"auto\">W promieniach jeszcze letniego i gor\u0105cego s\u0142o\u0144ca w dniu 11 wrze\u015bnia br. wybrali\u015bmy si\u0119 na sp\u0142yw kajakowy po jeziorze powodzkim. Uczestnikami s\u0142ywu by\u0142y dzieci i m\u0142odzie\u017c z niepe\u0142nosprawno\u015bciami wraz z opiekunami bior\u0105ca udzia\u0142 w projekcie &#8220;Moja si\u0142a w mej s\u0142abo\u015bci &#8211; edycja II&#8221;.<\/div>\n<div dir=\"auto\">Dla wielu by\u0142a to pierwsza przygoda w kajaku i mamy nadziej\u0119, \u017ce nie ostatnia <span class=\"x3nfvp2 x1j61x8r x1fcty0u xdj266r xhhsvwb xat24cr xgzva0m xxymvpz xlup9mm x1kky2od\"><img decoding=\"async\" loading=\"lazy\" src=\"https:\/\/static.xx.fbcdn.net\/images\/emoji.php\/v9\/t27\/1.5\/16\/1f600.png\" alt=\"\ud83d\ude00\" width=\"16\" height=\"16\" \/><\/span><\/div>\n<div dir=\"auto\">Dzisiejszy sp\u0142yw po raz kolejny udowodni\u0142 nam, \u017ce kajak to przestrze\u0144 r\u00f3wnie\u017c dla os\u00f3b z niepe\u0142nosprawno\u015bciami.<\/div>\n<div dir=\"auto\">BRAWO WY <span class=\"x3nfvp2 x1j61x8r x1fcty0u xdj266r xhhsvwb xat24cr xgzva0m xxymvpz xlup9mm x1kky2od\"><img decoding=\"async\" loading=\"lazy\" src=\"https:\/\/static.xx.fbcdn.net\/images\/emoji.php\/v9\/tc5\/1.5\/16\/1f4aa.png\" alt=\"\ud83d\udcaa\" width=\"16\" height=\"16\" \/><\/span><span class=\"x3nfvp2 x1j61x8r x1fcty0u xdj266r xhhsvwb xat24cr xgzva0m xxymvpz xlup9mm x1kky2od\"><img decoding=\"async\" loading=\"lazy\" src=\"https:\/\/static.xx.fbcdn.net\/images\/emoji.php\/v9\/t57\/1.5\/16\/1f44f.png\" alt=\"\ud83d\udc4f\" width=\"16\" height=\"16\" \/><\/span><span class=\"x3nfvp2 x1j61x8r x1fcty0u xdj266r xhhsvwb xat24cr xgzva0m xxymvpz xlup9mm x1kky2od\"><img decoding=\"async\" loading=\"lazy\" src=\"https:\/\/static.xx.fbcdn.net\/images\/emoji.php\/v9\/ta2\/1.5\/16\/1faf6.png\" alt=\"\ud83e\udef6\" width=\"16\" height=\"16\" \/><\/span><\/div>\n<div dir=\"auto\"><\/div>\n<\/div>\n<p><!--more--><\/p>\n<div class=\"x11i5rnm xat24cr x1mh8g0r x1vvkbs xtlvy1s x126k92a\">\n<div dir=\"auto\">Sp\u0142yw kajakowy po jeziorze powidzkim zrealizowali\u015bmy w ramach projektu \u201eMoja si\u0142a w mej s\u0142abo\u015bci \u201d &#8211; edycja II, kt\u00f3ry wsp\u00f3\u0142finansowany jest ze \u015brodk\u00f3w Wojewody Wielkopolskiego w ramach zadania publicznego pomoc spo\u0142eczna, w tym pomoc rodzinom i osobom w trudnej sytuacji \u017cyciowej oraz wyr\u00f3wnywanie szans tych rodzin i os\u00f3b<\/div>\n<div dir=\"auto\"><a class=\"x1i10hfl xjbqb8w x6umtig x1b1mbwd xaqea5y xav7gou x9f619 x1ypdohk xt0psk2 xe8uvvx xdj266r x11i5rnm xat24cr x1mh8g0r xexx8yu x4uap5 x18d9i69 xkhd6sd x16tdsg8 x1hl2dhg xggy1nq x1a2a7pz xt0b8zv x1qq9wsj xo1l8bm\" tabindex=\"0\" role=\"link\" href=\"https:\/\/www.facebook.com\/wielkopolskiurzadwojewodzki?__cft__[0]=AZWnC5iEA3y_s9kta19u2gFo6qhK6iM-eM-_bxpPfbzTd_FFIK0AaHu0RpKv6Gp4wZKJgFiH7HNjW5GBRnlKW8gpszKALGI6ctpFQacFED7pOE6pshM6M5ug8med-xkh57CxH2dh1TypiZO9DiTGR6OCopBrYsebSdlLwGb0ZWhwE-V7SJsNjoYIme8hNpaoJls&amp;__tn__=-]K-R\"><span class=\"xt0psk2\">Wielkopolski Urz\u0105d Wojew\u00f3dzki w Poznaniu<\/span><\/a><\/div>\n<div dir=\"auto\"><a class=\"x1i10hfl xjbqb8w x6umtig x1b1mbwd xaqea5y xav7gou x9f619 x1ypdohk xt0psk2 xe8uvvx xdj266r x11i5rnm xat24cr x1mh8g0r xexx8yu x4uap5 x18d9i69 xkhd6sd x16tdsg8 x1hl2dhg xggy1nq x1a2a7pz xt0b8zv x1qq9wsj xo1l8bm\" tabindex=\"0\" role=\"link\" href=\"https:\/\/www.facebook.com\/MichalZielinskiPL?__cft__[0]=AZWnC5iEA3y_s9kta19u2gFo6qhK6iM-eM-_bxpPfbzTd_FFIK0AaHu0RpKv6Gp4wZKJgFiH7HNjW5GBRnlKW8gpszKALGI6ctpFQacFED7pOE6pshM6M5ug8med-xkh57CxH2dh1TypiZO9DiTGR6OCopBrYsebSdlLwGb0ZWhwE-V7SJsNjoYIme8hNpaoJls&amp;__tn__=-]K-R\"><span class=\"xt0psk2\">Micha\u0142 Zieli\u0144ski &#8211; Wojewoda Wielkopolski<\/span><\/a><\/div>\n<\/div>\n","protected":false},"excerpt":{"rendered":"<p>W promieniach jeszcze letniego i gor\u0105cego s\u0142o\u0144ca w dniu 11 wrze\u015bnia br. wybrali\u015bmy si\u0119 na sp\u0142yw kajakowy po jeziorze powodzkim. Uczestnikami s\u0142ywu by\u0142y dzieci i m\u0142odzie\u017c z niepe\u0142nosprawno\u015bciami wraz z opiekunami bior\u0105ca udzia\u0142 w projekcie &#8220;Moja si\u0142a w mej s\u0142abo\u015bci &#8211; edycja II&#8221;. Dla wielu by\u0142a to pierwsza przygoda w.<\/p>\n","protected":false},"author":3,"featured_media":3480,"comment_status":"open","ping_status":"open","sticky":false,"template":"","format":"standard","meta":[],"categories":[1],"tags":[],"_links":{"self":[{"href":"https:\/\/fundacjapronautis.pl\/index.php\/wp-json\/wp\/v2\/posts\/3479"}],"collection":[{"href":"https:\/\/fundacjapronautis.pl\/index.php\/wp-json\/wp\/v2\/posts"}],"about":[{"href":"https:\/\/fundacjapronautis.pl\/index.php\/wp-json\/wp\/v2\/types\/post"}],"author":[{"embeddable":true,"href":"https:\/\/fundacjapronautis.pl\/index.php\/wp-json\/wp\/v2\/users\/3"}],"replies":[{"embeddable":true,"href":"https:\/\/fundacjapronautis.pl\/index.php\/wp-json\/wp\/v2\/comments?post=3479"}],"version-history":[{"count":1,"href":"https:\/\/fundacjapronautis.pl\/index.php\/wp-json\/wp\/v2\/posts\/3479\/revisions"}],"predecessor-version":[{"id":3481,"href":"https:\/\/fundacjapronautis.pl\/index.php\/wp-json\/wp\/v2\/posts\/3479\/revisions\/3481"}],"wp:featuredmedia":[{"embeddable":true,"href":"https:\/\/fundacjapronautis.pl\/index.php\/wp-json\/wp\/v2\/media\/3480"}],"wp:attachment":[{"href":"https:\/\/fundacjapronautis.pl\/index.php\/wp-json\/wp\/v2\/media?parent=3479"}],"wp:term":[{"taxonomy":"category","embeddable":true,"href":"https:\/\/fundacjapronautis.pl\/index.php\/wp-json\/wp\/v2\/categories?post=3479"},{"taxonomy":"post_tag","embeddable":true,"href":"https:\/\/fundacjapronautis.pl\/index.php\/wp-json\/wp\/v2\/tags?post=3479"}],"curies":[{"name":"wp","href":"https:\/\/api.w.org\/{rel}","templated":true}]}}