{"id":3614,"date":"2024-10-31T17:51:22","date_gmt":"2024-10-31T16:51:22","guid":{"rendered":"https:\/\/fundacjapronautis.pl\/?p=3614"},"modified":"2024-11-25T18:57:43","modified_gmt":"2024-11-25T17:57:43","slug":"aktywni-seniorzy-gminy-gniezno-2","status":"publish","type":"post","link":"https:\/\/fundacjapronautis.pl\/index.php\/2024\/10\/31\/aktywni-seniorzy-gminy-gniezno-2\/","title":{"rendered":"Aktywni Seniorzy Gminy Gniezno"},"content":{"rendered":"<div dir=\"auto\">Jesienny miesi\u0105c pa\u017adziernik jest czasem, gdy w szczeg\u00f3lnym spos\u00f3b my\u015blimy o osobach starszych &#8211; seniorach. Cieszymy si\u0119 , \u017ce we wsp\u00f3\u0142pracy z <span class=\"html-span xdj266r x11i5rnm xat24cr x1mh8g0r xexx8yu x4uap5 x18d9i69 xkhd6sd x1hl2dhg x16tdsg8 x1vvkbs\"><a class=\"x1i10hfl xjbqb8w x1ejq31n xd10rxx x1sy0etr x17r0tee x972fbf xcfux6l x1qhh985 xm0m39n x9f619 x1ypdohk xt0psk2 xe8uvvx xdj266r x11i5rnm xat24cr x1mh8g0r xexx8yu x4uap5 x18d9i69 xkhd6sd x16tdsg8 x1hl2dhg xggy1nq x1a2a7pz x1sur9pj xkrqix3 x1fey0fg xo1l8bm\" tabindex=\"0\" role=\"link\" href=\"https:\/\/www.facebook.com\/GminaGniezno?__cft__[0]=AZWNf5lRI7pmNwSc3TIuQTMt3eVh7PUWKPcVN3cytcsW8ty7ET37oHA4toK_t_ZWe-4jiGwDie-mJf2BSAegdj1VVohDwZ_8XqicsSm2tlcIK4mJE2jPkVhxN0kLDTgW9rs8LIR4k08noBK_yMyzNlpjVM8-CGaD-5tAhQTT_ioJ3QtRhaOCt6Q9C6Zu2YAm3LM&amp;__tn__=-]K-R\"><span class=\"xt0psk2\">Gmina Gniezno<\/span><\/a><\/span> mo\u017cemy przyczyni\u0107 si\u0119 do uatrakcyjnienia jesieni \u017cycia seniorom &#8211; mieszka\u0144com tej gminy. Miesi\u0105c ten r\u00f3wnie\u017c jak poprzednie, by\u0142 bardzo intensywny w zaj\u0119cia i warsztaty, kt\u00f3re mamy przyjemno\u015b\u0107 organizowa\u0107 od marca tego roku dla <span class=\"html-span xdj266r x11i5rnm xat24cr x1mh8g0r xexx8yu x4uap5 x18d9i69 xkhd6sd x1hl2dhg x16tdsg8 x1vvkbs\"><a class=\"x1i10hfl xjbqb8w x1ejq31n xd10rxx x1sy0etr x17r0tee x972fbf xcfux6l x1qhh985 xm0m39n x9f619 x1ypdohk xt0psk2 xe8uvvx xdj266r x11i5rnm xat24cr x1mh8g0r xexx8yu x4uap5 x18d9i69 xkhd6sd x16tdsg8 x1hl2dhg xggy1nq x1a2a7pz x1sur9pj xkrqix3 x1fey0fg xo1l8bm\" tabindex=\"0\" role=\"link\" href=\"https:\/\/www.facebook.com\/profile.php?id=100081960185540&amp;__cft__[0]=AZWNf5lRI7pmNwSc3TIuQTMt3eVh7PUWKPcVN3cytcsW8ty7ET37oHA4toK_t_ZWe-4jiGwDie-mJf2BSAegdj1VVohDwZ_8XqicsSm2tlcIK4mJE2jPkVhxN0kLDTgW9rs8LIR4k08noBK_yMyzNlpjVM8-CGaD-5tAhQTT_ioJ3QtRhaOCt6Q9C6Zu2YAm3LM&amp;__tn__=-]K-R\"><span class=\"xt0psk2\">Seniorzy Gminy Gniezno<\/span><\/a><\/span> <span class=\"html-span xexx8yu x4uap5 x18d9i69 xkhd6sd x1hl2dhg x16tdsg8 x1vvkbs x3nfvp2 x1j61x8r x1fcty0u xdj266r xat24cr xgzva0m xhhsvwb xxymvpz xlup9mm x1kky2od\"><img decoding=\"async\" loading=\"lazy\" class=\"xz74otr\" src=\"https:\/\/static.xx.fbcdn.net\/images\/emoji.php\/v9\/tea\/1\/16\/1f970.png\" alt=\"\ud83e\udd70\" width=\"16\" height=\"16\" \/><\/span><\/div>\n<div dir=\"auto\">Zapraszamy do fotorelacji z warsztat\u00f3w z psychologiem &#8211; Magdalen\u0105 Prus, profilaktykiem &#8211; Robertem Nawrockim, muzykiem &#8211; Bartoszem Szczeszkiem i dietetykiem <span class=\"html-span xdj266r x11i5rnm xat24cr x1mh8g0r xexx8yu x4uap5 x18d9i69 xkhd6sd x1hl2dhg x16tdsg8 x1vvkbs\"><a class=\"x1i10hfl xjbqb8w x1ejq31n xd10rxx x1sy0etr x17r0tee x972fbf xcfux6l x1qhh985 xm0m39n x9f619 x1ypdohk xt0psk2 xe8uvvx xdj266r x11i5rnm xat24cr x1mh8g0r xexx8yu x4uap5 x18d9i69 xkhd6sd x16tdsg8 x1hl2dhg xggy1nq x1a2a7pz x1sur9pj xkrqix3 x1fey0fg xo1l8bm\" tabindex=\"0\" role=\"link\" href=\"https:\/\/www.facebook.com\/DietetykDariaMarciniak?__cft__[0]=AZWNf5lRI7pmNwSc3TIuQTMt3eVh7PUWKPcVN3cytcsW8ty7ET37oHA4toK_t_ZWe-4jiGwDie-mJf2BSAegdj1VVohDwZ_8XqicsSm2tlcIK4mJE2jPkVhxN0kLDTgW9rs8LIR4k08noBK_yMyzNlpjVM8-CGaD-5tAhQTT_ioJ3QtRhaOCt6Q9C6Zu2YAm3LM&amp;__tn__=-]K-R\"><span class=\"xt0psk2\">Poradnia Dietetyczna Daria Marciniak<\/span><\/a><\/span> <span class=\"html-span xexx8yu x4uap5 x18d9i69 xkhd6sd x1hl2dhg x16tdsg8 x1vvkbs x3nfvp2 x1j61x8r x1fcty0u xdj266r xat24cr xgzva0m xhhsvwb xxymvpz xlup9mm x1kky2od\"><img decoding=\"async\" loading=\"lazy\" class=\"xz74otr\" src=\"https:\/\/static.xx.fbcdn.net\/images\/emoji.php\/v9\/t6c\/1\/16\/1f4aa.png\" alt=\"\ud83d\udcaa\" width=\"16\" height=\"16\" \/><\/span>. W tym miesi\u0105cu seniorzy z Klubu w Mnichowie brali udzia\u0142 w warsztatach strzeleckich z wykorzystaniem wirtualnej strzelnicy oraz odwiedzili <span class=\"html-span xdj266r x11i5rnm xat24cr x1mh8g0r xexx8yu x4uap5 x18d9i69 xkhd6sd x1hl2dhg x16tdsg8 x1vvkbs\"><a class=\"x1i10hfl xjbqb8w x1ejq31n xd10rxx x1sy0etr x17r0tee x972fbf xcfux6l x1qhh985 xm0m39n x9f619 x1ypdohk xt0psk2 xe8uvvx xdj266r x11i5rnm xat24cr x1mh8g0r xexx8yu x4uap5 x18d9i69 xkhd6sd x16tdsg8 x1hl2dhg xggy1nq x1a2a7pz x1sur9pj xkrqix3 x1fey0fg xo1l8bm\" tabindex=\"0\" role=\"link\" href=\"https:\/\/www.facebook.com\/TeatrFredryGniezno?__cft__[0]=AZWNf5lRI7pmNwSc3TIuQTMt3eVh7PUWKPcVN3cytcsW8ty7ET37oHA4toK_t_ZWe-4jiGwDie-mJf2BSAegdj1VVohDwZ_8XqicsSm2tlcIK4mJE2jPkVhxN0kLDTgW9rs8LIR4k08noBK_yMyzNlpjVM8-CGaD-5tAhQTT_ioJ3QtRhaOCt6Q9C6Zu2YAm3LM&amp;__tn__=-]K-R\"><span class=\"xt0psk2\">Teatr Fredry w Gnie\u017anie<\/span><\/a><\/span> .<\/div>\n<div dir=\"auto\"><\/div>\n<div dir=\"auto\">Zaj\u0119cia sfinansowane s\u0105 ze \u015brodk\u00f3w Gminy Gniezno w ramach zadania publicznego: Dzia\u0142alno\u015b\u0107 na rzecz senior\u00f3w b\u0119d\u0105cych mieszka\u0144cami Gminy Gniezno, w ramach projektu: &#8220;Aktywizacja spo\u0142eczna senior\u00f3w poprzez zaj\u0119cia edukacyjne, terapeutyczne, rekreacyjne&#8221;<\/div>\n","protected":false},"excerpt":{"rendered":"<p>Jesienny miesi\u0105c pa\u017adziernik jest czasem, gdy w szczeg\u00f3lnym spos\u00f3b my\u015blimy o osobach starszych &#8211; seniorach. Cieszymy si\u0119 , \u017ce we wsp\u00f3\u0142pracy z Gmina Gniezno mo\u017cemy przyczyni\u0107 si\u0119 do uatrakcyjnienia jesieni \u017cycia seniorom &#8211; mieszka\u0144com tej gminy. Miesi\u0105c ten r\u00f3wnie\u017c jak poprzednie, by\u0142 bardzo intensywny w zaj\u0119cia i warsztaty, kt\u00f3re mamy.<\/p>\n","protected":false},"author":3,"featured_media":3637,"comment_status":"open","ping_status":"open","sticky":false,"template":"","format":"standard","meta":[],"categories":[1],"tags":[],"_links":{"self":[{"href":"https:\/\/fundacjapronautis.pl\/index.php\/wp-json\/wp\/v2\/posts\/3614"}],"collection":[{"href":"https:\/\/fundacjapronautis.pl\/index.php\/wp-json\/wp\/v2\/posts"}],"about":[{"href":"https:\/\/fundacjapronautis.pl\/index.php\/wp-json\/wp\/v2\/types\/post"}],"author":[{"embeddable":true,"href":"https:\/\/fundacjapronautis.pl\/index.php\/wp-json\/wp\/v2\/users\/3"}],"replies":[{"embeddable":true,"href":"https:\/\/fundacjapronautis.pl\/index.php\/wp-json\/wp\/v2\/comments?post=3614"}],"version-history":[{"count":3,"href":"https:\/\/fundacjapronautis.pl\/index.php\/wp-json\/wp\/v2\/posts\/3614\/revisions"}],"predecessor-version":[{"id":3638,"href":"https:\/\/fundacjapronautis.pl\/index.php\/wp-json\/wp\/v2\/posts\/3614\/revisions\/3638"}],"wp:featuredmedia":[{"embeddable":true,"href":"https:\/\/fundacjapronautis.pl\/index.php\/wp-json\/wp\/v2\/media\/3637"}],"wp:attachment":[{"href":"https:\/\/fundacjapronautis.pl\/index.php\/wp-json\/wp\/v2\/media?parent=3614"}],"wp:term":[{"taxonomy":"category","embeddable":true,"href":"https:\/\/fundacjapronautis.pl\/index.php\/wp-json\/wp\/v2\/categories?post=3614"},{"taxonomy":"post_tag","embeddable":true,"href":"https:\/\/fundacjapronautis.pl\/index.php\/wp-json\/wp\/v2\/tags?post=3614"}],"curies":[{"name":"wp","href":"https:\/\/api.w.org\/{rel}","templated":true}]}}