{"id":3755,"date":"2025-05-30T09:02:39","date_gmt":"2025-05-30T07:02:39","guid":{"rendered":"https:\/\/fundacjapronautis.pl\/?p=3755"},"modified":"2025-05-30T09:07:18","modified_gmt":"2025-05-30T07:07:18","slug":"polkolonie-letnie-w-gminie-gniezno","status":"publish","type":"post","link":"https:\/\/fundacjapronautis.pl\/index.php\/2025\/05\/30\/polkolonie-letnie-w-gminie-gniezno\/","title":{"rendered":"P\u00f3\u0142kolonie letnie w Gminie Gniezno"},"content":{"rendered":"<p><img decoding=\"async\" loading=\"lazy\" class=\"alignnone size-large wp-image-3758\" src=\"https:\/\/fundacjapronautis.pl\/wp-content\/uploads\/2025\/05\/plakat-polkolonie-letnie-pronautis-2025-724x1024.jpg\" alt=\"\" width=\"640\" height=\"905\" srcset=\"https:\/\/fundacjapronautis.pl\/wp-content\/uploads\/2025\/05\/plakat-polkolonie-letnie-pronautis-2025-724x1024.jpg 724w, https:\/\/fundacjapronautis.pl\/wp-content\/uploads\/2025\/05\/plakat-polkolonie-letnie-pronautis-2025-212x300.jpg 212w, https:\/\/fundacjapronautis.pl\/wp-content\/uploads\/2025\/05\/plakat-polkolonie-letnie-pronautis-2025-768x1086.jpg 768w, https:\/\/fundacjapronautis.pl\/wp-content\/uploads\/2025\/05\/plakat-polkolonie-letnie-pronautis-2025-1086x1536.jpg 1086w, https:\/\/fundacjapronautis.pl\/wp-content\/uploads\/2025\/05\/plakat-polkolonie-letnie-pronautis-2025-1448x2048.jpg 1448w, https:\/\/fundacjapronautis.pl\/wp-content\/uploads\/2025\/05\/plakat-polkolonie-letnie-pronautis-2025-233x330.jpg 233w, https:\/\/fundacjapronautis.pl\/wp-content\/uploads\/2025\/05\/plakat-polkolonie-letnie-pronautis-2025-127x180.jpg 127w, https:\/\/fundacjapronautis.pl\/wp-content\/uploads\/2025\/05\/plakat-polkolonie-letnie-pronautis-2025-scaled.jpg 1810w\" sizes=\"(max-width: 640px) 100vw, 640px\" \/><\/p>\n<p class=\"western\" align=\"center\"><span style=\"font-family: Calibri, serif;\"><span style=\"font-size: large;\"><b>Plan dnia p\u00f3\u0142kolonii letnich \u201eKA\u017bDY DZIE\u0143 MO\u017bE BY\u0106 PRZYGOD\u0104\u201d <\/b><\/span><\/span><\/p>\n<p class=\"western\" align=\"center\"><span style=\"font-family: Calibri, serif;\"><span style=\"font-size: large;\"><b>organizowanych przez Fundacje Pronautis <\/b><\/span><\/span><\/p>\n<p class=\"western\" align=\"center\"><span style=\"font-family: Calibri, serif;\"><span style=\"font-size: large;\"><b>w terminie <\/b><\/span><\/span><span style=\"font-family: Calibri, serif;\"><span style=\"font-size: large;\"><b>14<\/b><\/span><\/span><span style=\"font-family: Calibri, serif;\"><span style=\"font-size: large;\"><b>-1<\/b><\/span><\/span><span style=\"font-family: Calibri, serif;\"><span style=\"font-size: large;\"><b>8<\/b><\/span><\/span><span style=\"font-family: Calibri, serif;\"><span style=\"font-size: large;\"><b>.07.202<\/b><\/span><\/span><span style=\"font-family: Calibri, serif;\"><span style=\"font-size: large;\"><b>5<\/b><\/span><\/span><span style=\"font-family: Calibri, serif;\"><span style=\"font-size: large;\"><b> r. dla dzieci i m\u0142odzie\u017cy z Gminy Gniezno<\/b><\/span><\/span><\/p>\n<p class=\"western\" align=\"left\"><span style=\"font-family: Calibri, serif;\"><span style=\"font-size: large;\">8.<\/span><\/span><span style=\"font-family: Calibri, serif;\"><span style=\"font-size: large;\">45<\/span><\/span><span style=\"font-family: Calibri, serif;\"><span style=\"font-size: large;\"> \u2013 Przybycie uczestnik\u00f3w na p\u00f3\u0142kolonie, zapoznanie z planem zaj\u0119\u0107 i om\u00f3wienie zasad bezpiecze\u0144stwa<br \/>\n<\/span><\/span><span style=\"font-family: Calibri, serif;\"><span style=\"font-size: large;\">9.00<\/span><\/span><span style=\"font-family: Calibri, serif;\"><span style=\"font-size: large;\"> \u2013 \u015aniadanie<br \/>\n<\/span><\/span><span style=\"font-family: Calibri, serif;\"><span style=\"font-size: large;\">9.<\/span><\/span><span style=\"font-family: Calibri, serif;\"><span style=\"font-size: large;\">30<\/span><\/span><span style=\"font-family: Calibri, serif;\"><span style=\"font-size: large;\"> \u2013 Zaj\u0119cia profilaktyczne i terapeutyczne, wycieczki<br \/>\n<\/span><\/span><span style=\"font-family: Calibri, serif;\"><span style=\"font-size: large;\">13.00 \u2013 Obiad<br \/>\n<\/span><\/span><span style=\"font-family: Calibri, serif;\"><span style=\"font-size: large;\">13.30 \u2013 Gry i zabawy sportowe<br \/>\n<\/span><\/span><span style=\"font-family: Calibri, serif;\"><span style=\"font-size: large;\">1<\/span><\/span><span style=\"font-family: Calibri, serif;\"><span style=\"font-size: large;\">4<\/span><\/span><span style=\"font-family: Calibri, serif;\"><span style=\"font-size: large;\">.30 \u2013 Podwieczorek<br \/>\n<\/span><\/span><span style=\"font-family: Calibri, serif;\"><span style=\"font-size: large;\">1<\/span><\/span><span style=\"font-family: Calibri, serif;\"><span style=\"font-size: large;\">5<\/span><\/span><span style=\"font-family: Calibri, serif;\"><span style=\"font-size: large;\">.00 \u2013 Po\u017cegnanie uczestnik\u00f3w<\/span><\/span><\/p>\n<p align=\"left\">\n<p><strong><span style=\"font-family: Calibri, sans-serif;\"><span style=\"font-size: large;\">Ramowy plan zaj\u0119\u0107:<\/span><\/span><\/strong><\/p>\n<p><span style=\"font-family: Calibri, sans-serif;\"><span style=\"font-size: large;\"><span style=\"color: #000000;\"><u><b>Poniedzia\u0142ek<\/b><\/u><\/span><u><b> \u201e Z uczuciami za Pan brat\u201d<\/b><\/u><\/span><\/span><\/p>\n<p>\u25cf <span style=\"font-family: Calibri, sans-serif;\"><span style=\"font-size: large;\">Przybycie uczestnik\u00f3w na p\u00f3\u0142kolonie i powitanie uczestnik\u00f3w p\u00f3\u0142kolonii. <\/span><\/span><\/p>\n<p>\u25cf <span style=\"font-family: Calibri, sans-serif;\"><span style=\"font-size: large;\">Zapoznanie uczestnik\u00f3w z programem p\u00f3\u0142kolonii, om\u00f3wienie regulaminu p\u00f3\u0142kolonii i zasad bezpiecze\u0144stwa. <\/span><\/span><\/p>\n<p>\u25cf <span style=\"font-family: Calibri, sans-serif;\"><span style=\"font-size: large;\">Podzia\u0142 uczestnik\u00f3w p\u00f3\u0142kolonii na grupy i zapoznanie z wychowawcami. <\/span><\/span><\/p>\n<p>\u25cf <span style=\"font-family: Calibri, sans-serif;\"><span style=\"font-size: large;\">\u015aniadanie. <\/span><\/span><\/p>\n<p>\u25cf <span style=\"font-family: Calibri, sans-serif;\"><span style=\"font-size: large;\">Spotkanie w grupach: ustalenie nazwy grupy, totemu, okrzyku <\/span><\/span><\/p>\n<p>\u25cf <span style=\"font-family: Calibri, sans-serif;\"><span style=\"font-size: large;\">Wyjazd do Miejskiego O\u015brodka Kultury w Gnie\u017anie na warsztaty \u201eJak pierwszego kr\u00f3la w Gnie\u017anie koronowano?\u201d<\/span><\/span><\/p>\n<p>\u25cf <span style=\"font-family: Calibri, sans-serif;\"><span style=\"font-size: large;\">Obiad <\/span><\/span><\/p>\n<p>\u25cf <span style=\"font-family: Calibri, sans-serif;\"><span style=\"font-size: large;\"><span style=\"color: #000000;\"><span lang=\"pl-PL\">Zaj\u0119cia profilaktyczne z psychologiem i terapeut\u0105 uzale\u017cnie\u0144<\/span><\/span><\/span><\/span><\/p>\n<p>\u25cf <span style=\"font-family: Calibri, sans-serif;\"><span style=\"font-size: large;\">Podwieczorek <\/span><\/span><\/p>\n<p>\u25cf <span style=\"font-family: Calibri, sans-serif;\"><span style=\"font-size: large;\">Po\u017cegnanie dzieci<\/span><\/span><\/p>\n<p><span style=\"font-family: Calibri, sans-serif;\"><span style=\"font-size: large;\"><u><b>Wtorek \u201e<\/b><\/u><span style=\"color: #000000;\"><span lang=\"pl-PL\"><u><b>Przygoda z Alpak\u0105<\/b><\/u><\/span><\/span><u><b>\u201d<\/b><\/u><\/span><\/span><\/p>\n<p>\u25cf <span style=\"font-family: Calibri, sans-serif;\"><span style=\"font-size: large;\">Przybycie uczestnik\u00f3w na p\u00f3\u0142kolonie i powitanie uczestnik\u00f3w p\u00f3\u0142kolonii. <\/span><\/span><\/p>\n<p>\u25cf <span style=\"font-family: Calibri, sans-serif;\"><span style=\"font-size: large;\">\u015aniadanie<\/span><\/span><\/p>\n<p>\u25cf <span style=\"font-family: Calibri, sans-serif;\"><span style=\"font-size: large;\">Wyjazd do Naszej Zagrody z Alpakami w <span style=\"color: #000000;\"><span lang=\"pl-PL\">Gnie\u017anie\u0144skiego<\/span><\/span><\/span><\/span><\/p>\n<p><span style=\"font-family: Calibri, sans-serif;\"><span style=\"font-size: large;\"><span style=\"color: #000000;\"><span lang=\"pl-PL\">1) poznanie mieszka\u0144c\u00f3w zagrody \u2013 karmienie zwierz\u0105t i nauka ich piel\u0119gnacji<\/span><\/span><\/span><\/span><\/p>\n<p><span style=\"font-family: Calibri, sans-serif;\"><span style=\"font-size: large;\"><span style=\"color: #000000;\"><span lang=\"pl-PL\">2) warsztaty arteterapeutyczne \u2013 tworzenie naturalnych myde\u0142 i pami\u0105tek z wizyty w zagrodzie<\/span><\/span><\/span><\/span><\/p>\n<p>\u25cf <span style=\"font-family: Calibri, sans-serif;\"><span style=\"font-size: large;\">Obiad (ognisko) i podwieczorek w <span style=\"color: #000000;\"><span lang=\"pl-PL\">Zagrodzie<\/span><\/span><\/span><\/span><\/p>\n<p>\u25cf <span style=\"font-family: Calibri, sans-serif;\"><span style=\"font-size: large;\"><span style=\"color: #000000;\"><span lang=\"pl-PL\">Powr\u00f3t<\/span><\/span> i po\u017cegnanie dzieci<\/span><\/span><\/p>\n<p><span style=\"font-family: Calibri, sans-serif;\"><span style=\"font-size: large;\"><span style=\"color: #000000;\"><u><b>\u015aroda<\/b><\/u><\/span><u><b> \u201e<\/b><\/u><span style=\"color: #000000;\"><span lang=\"pl-PL\"><u><b>Wycieczka do Poznania<\/b><\/u><\/span><\/span><u><b>\u201d<\/b><\/u><\/span><\/span><\/p>\n<p>\u25cf <span style=\"font-family: Calibri, sans-serif;\"><span style=\"font-size: large;\">Przybycie uczestnik\u00f3w na p\u00f3\u0142kolonie i powitanie uczestnik\u00f3w p\u00f3\u0142kolonii. <\/span><\/span><\/p>\n<p>\u25cf <span style=\"font-family: Calibri, sans-serif;\"><span style=\"font-size: large;\">\u015aniadanie<\/span><\/span><\/p>\n<p>\u25cf <span style=\"font-family: Calibri, sans-serif;\"><span style=\"font-size: large;\">W<span style=\"color: #000000;\">yjazd do<\/span><span style=\"color: #000000;\"><span lang=\"pl-PL\"> Poznania<\/span><\/span><\/span><\/span><\/p>\n<p><span style=\"font-family: Calibri, sans-serif;\"><span style=\"font-size: large;\"><span style=\"color: #000000;\"><span lang=\"pl-PL\">&#8211; warsztaty w Muzeum Czekolady w Poznaniu<\/span><\/span><\/span><\/span><\/p>\n<p><span style=\"font-family: Calibri, sans-serif;\"><span style=\"font-size: large;\"><span style=\"color: #000000;\"><span lang=\"pl-PL\">&#8211; zwiedzanie Starego Rynku z Ratuszem, Ko\u015bcio\u0142a Farnego i Kolegium Jezuickiego<\/span><\/span><\/span><\/span><\/p>\n<p><span style=\"font-family: Calibri, sans-serif;\"><span style=\"font-size: large;\"><span style=\"color: #000000;\"><span lang=\"pl-PL\">&#8211; wsp\u00f3lne ogl\u0105danie pozna\u0144skich kozio\u0142k\u00f3w <\/span><\/span><\/span><\/span><\/p>\n<p>\u25cf <span style=\"font-family: Calibri, sans-serif;\"><span style=\"font-size: large;\">Obiad <\/span><\/span><\/p>\n<p>\u25cf <span style=\"font-family: Calibri, sans-serif;\"><span style=\"font-size: large;\"><span style=\"color: #000000;\"><span lang=\"pl-PL\">Zwiedzanie Katedry z Grobami Mieszka i Boles\u0142awa Chrobrego, przej\u015bcie przez stare koryto Warty.<\/span><\/span><\/span><\/span><\/p>\n<p><span style=\"font-family: Calibri, sans-serif;\"><span style=\"font-size: large;\"><span style=\"color: #000000;\"><span lang=\"pl-PL\">Zwiedzanie Wzg\u00f3rza Przemys\u0142awa i mur\u00f3w miejskich. <\/span><\/span><\/span><\/span><\/p>\n<p>\u25cf <span style=\"font-family: Calibri, sans-serif;\"><span style=\"font-size: large;\">Podwieczorek<\/span><\/span><\/p>\n<p>\u25cf <span style=\"font-family: Calibri, sans-serif;\"><span style=\"font-size: large;\">P<span style=\"color: #000000;\"><span lang=\"pl-PL\">owr\u00f3t<\/span><\/span> i po\u017cegnanie dzieci<\/span><\/span><\/p>\n<p><span style=\"font-family: Calibri, sans-serif;\"><span style=\"font-size: large;\"><u><b>Czwartek \u201e<\/b><\/u><span style=\"color: #000000;\"><span lang=\"pl-PL\"><u><b>Kinomaniak<\/b><\/u><\/span><\/span><u><b>\u201d<\/b><\/u><\/span><\/span><\/p>\n<p>\u25cf <span style=\"font-family: Calibri, sans-serif;\"><span style=\"font-size: large;\">Przybycie uczestnik\u00f3w na p\u00f3\u0142kolonie i powitanie uczestnik\u00f3w p\u00f3\u0142kolonii. <\/span><\/span><\/p>\n<p>\u25cf <span style=\"font-family: Calibri, sans-serif;\"><span style=\"font-size: large;\">\u015aniadanie<\/span><\/span><\/p>\n<p>\u25cf <span style=\"font-family: Calibri, sans-serif;\"><span style=\"font-size: large;\">Wyjazd do <span style=\"color: #000000;\"><span lang=\"pl-PL\">Kina Helios w Gnie\u017anie<\/span><\/span><\/span><\/span><\/p>\n<p>\u25cf <span style=\"font-family: Calibri, sans-serif;\"><span style=\"font-size: large;\">Seans filmowy po\u0142\u0105czony z dodatkowymi atrakcjami <\/span><\/span><\/p>\n<p>\u25cf <span style=\"font-family: Calibri, sans-serif;\"><span style=\"font-size: large;\">Obiad <\/span><\/span><\/p>\n<p>\u25cf <span style=\"font-family: Calibri, sans-serif;\"><span style=\"font-size: large;\">Zaj\u0119cia profilaktyczne z psychologiem i terapeut\u0105 uzale\u017cnie\u0144<\/span><\/span><\/p>\n<p>\u25cf <span style=\"font-family: Calibri, sans-serif;\"><span style=\"font-size: large;\">Podsumowanie dnia i po\u017cegnanie dzieci<\/span><\/span><\/p>\n<p><span style=\"font-family: Calibri, sans-serif;\"><span style=\"font-size: large;\"><u><b>Pi\u0105tek \u201e<\/b><\/u><span style=\"color: #000000;\"><span lang=\"pl-PL\"><u><b>Elfland<\/b><\/u><\/span><\/span><u><b>\u201d<\/b><\/u><\/span><\/span><\/p>\n<p>\u25cf <span style=\"font-family: Calibri, sans-serif;\"><span style=\"font-size: large;\">Przybycie uczestnik\u00f3w na p\u00f3\u0142kolonie i powitanie uczestnik\u00f3w p\u00f3\u0142kolonii. <\/span><\/span><\/p>\n<p>\u25cf <span style=\"font-family: Calibri, sans-serif;\"><span style=\"font-size: large;\">\u015aniadanie<\/span><\/span><\/p>\n<p>\u25cf <span style=\"font-family: Calibri, sans-serif;\"><span style=\"font-size: large;\">Wyjazd do Ekologiczne Parku Rozrywki Elfland w Nekli <\/span><\/span><\/p>\n<p>\u25cf <span style=\"font-family: Calibri, sans-serif;\"><span style=\"font-size: large;\">Obiad <\/span><\/span><\/p>\n<p>\u25cf <span style=\"font-family: Calibri, sans-serif;\"><span style=\"font-size: large;\">Gry, zabawy sportowe i animacyjne <span style=\"color: #000000;\"><span lang=\"pl-PL\">na \u015bwie\u017cym powietrzu<\/span><\/span><\/span><\/span><\/p>\n<p>\u25cf <span style=\"font-family: Calibri, sans-serif;\"><span style=\"font-size: large;\">Podwieczorek <\/span><\/span><\/p>\n<p><span style=\"color: #000000;\">\u25cf <span style=\"font-family: Calibri, sans-serif;\"><span style=\"font-size: large;\">Podsumowanie p\u00f3\u0142kolonii i po\u017cegnanie dzieci<\/span><\/span><\/span><\/p>\n<p><a href=\"https:\/\/fundacjapronautis.pl\/wp-content\/uploads\/2025\/05\/REGULAMIN-POLKOLONII.docx\">REGULAMIN P\u00d3\u0141KOLONII<\/a><\/p>\n<p><a href=\"https:\/\/fundacjapronautis.pl\/wp-content\/uploads\/2025\/05\/aktualny-druk-karty-kwalifikacyjnejuczestnika-wypoczynku-I.doc\">KARTA KWALIFIKACYJNA UCZESTNIKA P\u00d3\u0141KOLONII<\/a><\/p>\n","protected":false},"excerpt":{"rendered":"<p>Plan dnia p\u00f3\u0142kolonii letnich \u201eKA\u017bDY DZIE\u0143 MO\u017bE BY\u0106 PRZYGOD\u0104\u201d organizowanych przez Fundacje Pronautis w terminie 14-18.07.2025 r. dla dzieci i m\u0142odzie\u017cy z Gminy Gniezno 8.45 \u2013 Przybycie uczestnik\u00f3w na p\u00f3\u0142kolonie, zapoznanie z planem zaj\u0119\u0107 i om\u00f3wienie zasad bezpiecze\u0144stwa 9.00 \u2013 \u015aniadanie 9.30 \u2013 Zaj\u0119cia profilaktyczne i terapeutyczne, wycieczki 13.00 \u2013.<\/p>\n","protected":false},"author":3,"featured_media":3422,"comment_status":"open","ping_status":"open","sticky":false,"template":"","format":"standard","meta":[],"categories":[1],"tags":[],"_links":{"self":[{"href":"https:\/\/fundacjapronautis.pl\/index.php\/wp-json\/wp\/v2\/posts\/3755"}],"collection":[{"href":"https:\/\/fundacjapronautis.pl\/index.php\/wp-json\/wp\/v2\/posts"}],"about":[{"href":"https:\/\/fundacjapronautis.pl\/index.php\/wp-json\/wp\/v2\/types\/post"}],"author":[{"embeddable":true,"href":"https:\/\/fundacjapronautis.pl\/index.php\/wp-json\/wp\/v2\/users\/3"}],"replies":[{"embeddable":true,"href":"https:\/\/fundacjapronautis.pl\/index.php\/wp-json\/wp\/v2\/comments?post=3755"}],"version-history":[{"count":3,"href":"https:\/\/fundacjapronautis.pl\/index.php\/wp-json\/wp\/v2\/posts\/3755\/revisions"}],"predecessor-version":[{"id":3761,"href":"https:\/\/fundacjapronautis.pl\/index.php\/wp-json\/wp\/v2\/posts\/3755\/revisions\/3761"}],"wp:featuredmedia":[{"embeddable":true,"href":"https:\/\/fundacjapronautis.pl\/index.php\/wp-json\/wp\/v2\/media\/3422"}],"wp:attachment":[{"href":"https:\/\/fundacjapronautis.pl\/index.php\/wp-json\/wp\/v2\/media?parent=3755"}],"wp:term":[{"taxonomy":"category","embeddable":true,"href":"https:\/\/fundacjapronautis.pl\/index.php\/wp-json\/wp\/v2\/categories?post=3755"},{"taxonomy":"post_tag","embeddable":true,"href":"https:\/\/fundacjapronautis.pl\/index.php\/wp-json\/wp\/v2\/tags?post=3755"}],"curies":[{"name":"wp","href":"https:\/\/api.w.org\/{rel}","templated":true}]}}