{"id":3765,"date":"2025-07-01T11:55:35","date_gmt":"2025-07-01T09:55:35","guid":{"rendered":"https:\/\/fundacjapronautis.pl\/?p=3765"},"modified":"2025-07-11T12:05:58","modified_gmt":"2025-07-11T10:05:58","slug":"moja-sila-w-mej-slabosci-edycja-iv","status":"publish","type":"post","link":"https:\/\/fundacjapronautis.pl\/index.php\/2025\/07\/01\/moja-sila-w-mej-slabosci-edycja-iv\/","title":{"rendered":"Moja si\u0142a w mej s\u0142abo\u015bci-edycja IV"},"content":{"rendered":"<p><img decoding=\"async\" loading=\"lazy\" class=\"alignnone size-large wp-image-3766\" src=\"https:\/\/fundacjapronautis.pl\/wp-content\/uploads\/2025\/07\/plakat-pronautis-moja-sila-w-mej-slabosci-3-724x1024.jpg\" alt=\"\" width=\"640\" height=\"905\" srcset=\"https:\/\/fundacjapronautis.pl\/wp-content\/uploads\/2025\/07\/plakat-pronautis-moja-sila-w-mej-slabosci-3-724x1024.jpg 724w, https:\/\/fundacjapronautis.pl\/wp-content\/uploads\/2025\/07\/plakat-pronautis-moja-sila-w-mej-slabosci-3-212x300.jpg 212w, https:\/\/fundacjapronautis.pl\/wp-content\/uploads\/2025\/07\/plakat-pronautis-moja-sila-w-mej-slabosci-3-768x1086.jpg 768w, https:\/\/fundacjapronautis.pl\/wp-content\/uploads\/2025\/07\/plakat-pronautis-moja-sila-w-mej-slabosci-3-1086x1536.jpg 1086w, https:\/\/fundacjapronautis.pl\/wp-content\/uploads\/2025\/07\/plakat-pronautis-moja-sila-w-mej-slabosci-3-1448x2048.jpg 1448w, https:\/\/fundacjapronautis.pl\/wp-content\/uploads\/2025\/07\/plakat-pronautis-moja-sila-w-mej-slabosci-3-233x330.jpg 233w, https:\/\/fundacjapronautis.pl\/wp-content\/uploads\/2025\/07\/plakat-pronautis-moja-sila-w-mej-slabosci-3-127x180.jpg 127w, https:\/\/fundacjapronautis.pl\/wp-content\/uploads\/2025\/07\/plakat-pronautis-moja-sila-w-mej-slabosci-3-scaled.jpg 1810w\" sizes=\"(max-width: 640px) 100vw, 640px\" \/><\/p>\n<div class=\"x14z9mp xat24cr x1lziwak x1vvkbs xtlvy1s x126k92a\">\n<div dir=\"auto\">W ramach projektu &#8220;Moja si\u0142a w mej s\u0142abo\u015bci &#8211; edycja IV&#8221; zostan\u0105 zorganizowane:<\/div>\n<div dir=\"auto\"><span class=\"html-span xexx8yu xyri2b x18d9i69 x1c1uobl x1hl2dhg x16tdsg8 x1vvkbs x3nfvp2 x1j61x8r x1fcty0u xdj266r xat24cr xm2jcoa x1mpyi22 xxymvpz xlup9mm x1kky2od\"><img decoding=\"async\" loading=\"lazy\" class=\"xz74otr x15mokao x1ga7v0g x16uus16 xbiv7yw\" src=\"https:\/\/static.xx.fbcdn.net\/images\/emoji.php\/v9\/t9e\/1\/16\/27a1.png\" alt=\"\u27a1\ufe0f\" width=\"16\" height=\"16\" \/><\/span>zaj\u0119cia hipoterapeutyczne dla 10 os\u00f3b z niepe\u0142nosprawno\u015bciami &#8211; mieszka\u0144c\u00f3w powiatu gnie\u017anie\u0144skiego<\/div>\n<div dir=\"auto\"><span class=\"html-span xexx8yu xyri2b x18d9i69 x1c1uobl x1hl2dhg x16tdsg8 x1vvkbs x3nfvp2 x1j61x8r x1fcty0u xdj266r xat24cr xm2jcoa x1mpyi22 xxymvpz xlup9mm x1kky2od\"><img decoding=\"async\" loading=\"lazy\" class=\"xz74otr x15mokao x1ga7v0g x16uus16 xbiv7yw\" src=\"https:\/\/static.xx.fbcdn.net\/images\/emoji.php\/v9\/t9e\/1\/16\/27a1.png\" alt=\"\u27a1\ufe0f\" width=\"16\" height=\"16\" \/><\/span> 6 rejs\u00f3w \u017cagl\u00f3wkami po Jeziorze Powidzkim dla 90 os\u00f3b z niepe\u0142nosprawno\u015bciami &#8211; mieszka\u0144c\u00f3w powiatu gnie\u017anie\u0144skiego<\/div>\n<div dir=\"auto\"><span class=\"html-span xexx8yu xyri2b x18d9i69 x1c1uobl x1hl2dhg x16tdsg8 x1vvkbs x3nfvp2 x1j61x8r x1fcty0u xdj266r xat24cr xm2jcoa x1mpyi22 xxymvpz xlup9mm x1kky2od\"><img decoding=\"async\" loading=\"lazy\" class=\"xz74otr x15mokao x1ga7v0g x16uus16 xbiv7yw\" src=\"https:\/\/static.xx.fbcdn.net\/images\/emoji.php\/v9\/t9e\/1\/16\/27a1.png\" alt=\"\u27a1\ufe0f\" width=\"16\" height=\"16\" \/><\/span>1 sp\u0142yw kajakowy po Jeziorze Powidzkim dla 10 os\u00f3b z niepe\u0142nosprawno\u015bciami i ich rodzic\u00f3w\/opiekun\u00f3w &#8211; mieszka\u0144c\u00f3w powiatu gnie\u017anie\u0144skiego<\/div>\n<div dir=\"auto\"><span class=\"html-span xexx8yu xyri2b x18d9i69 x1c1uobl x1hl2dhg x16tdsg8 x1vvkbs x3nfvp2 x1j61x8r x1fcty0u xdj266r xat24cr xm2jcoa x1mpyi22 xxymvpz xlup9mm x1kky2od\"><img decoding=\"async\" loading=\"lazy\" class=\"xz74otr x15mokao x1ga7v0g x16uus16 xbiv7yw\" src=\"https:\/\/static.xx.fbcdn.net\/images\/emoji.php\/v9\/t9e\/1\/16\/27a1.png\" alt=\"\u27a1\ufe0f\" width=\"16\" height=\"16\" \/><\/span>konsultacje z psychologiem dla 10 rodzic\u00f3w\/opiekun\u00f3w os\u00f3b z niepe\u0142nosprawno\u015bciami &#8211; mieszka\u0144c\u00f3w powiatu gnie\u017anie\u0144skiego<\/div>\n<\/div>\n<div class=\"x14z9mp xat24cr x1lziwak x1vvkbs xtlvy1s x126k92a\">\n<div dir=\"auto\"><span class=\"html-span xdj266r x14z9mp xat24cr x1lziwak xexx8yu xyri2b x18d9i69 x1c1uobl x1hl2dhg x16tdsg8 x1vvkbs\"><a class=\"x1i10hfl xjbqb8w x1ejq31n x18oe1m7 x1sy0etr xstzfhl x972fbf x10w94by x1qhh985 x14e42zd x9f619 x1ypdohk xt0psk2 xe8uvvx xdj266r x14z9mp xat24cr x1lziwak xexx8yu xyri2b x18d9i69 x1c1uobl x16tdsg8 x1hl2dhg xggy1nq x1a2a7pz xkrqix3 x1sur9pj x1fey0fg x1s688f\" tabindex=\"0\" role=\"link\" href=\"https:\/\/www.facebook.com\/wielkopolskiurzadwojewodzki?__cft__[0]=AZUZbTw01Pr7SCh013UjCTSKQ5O2VXiLeLlmWRW_45rrOLsL1RITFIQBb3wwxPC72Bt25jNcv8X5bBcxwNefMA4M3YAcxe7gKG0OzD72zuBlDlxbKlZl1sYwAjLGiYi1oVCo9jhIIDpndTwzdVMXLPGq&amp;__tn__=-]K-R\"><span class=\"xt0psk2\"><span class=\"xjp7ctv\">Wielkopolski Urz\u0105d Wojew\u00f3dzki w Poznaniu<\/span><\/span><\/a><\/span><\/div>\n<\/div>\n","protected":false},"excerpt":{"rendered":"<p>W ramach projektu &#8220;Moja si\u0142a w mej s\u0142abo\u015bci &#8211; edycja IV&#8221; zostan\u0105 zorganizowane: zaj\u0119cia hipoterapeutyczne dla 10 os\u00f3b z niepe\u0142nosprawno\u015bciami &#8211; mieszka\u0144c\u00f3w powiatu gnie\u017anie\u0144skiego 6 rejs\u00f3w \u017cagl\u00f3wkami po Jeziorze Powidzkim dla 90 os\u00f3b z niepe\u0142nosprawno\u015bciami &#8211; mieszka\u0144c\u00f3w powiatu gnie\u017anie\u0144skiego 1 sp\u0142yw kajakowy po Jeziorze Powidzkim dla 10 os\u00f3b z niepe\u0142nosprawno\u015bciami.<\/p>\n","protected":false},"author":3,"featured_media":3767,"comment_status":"open","ping_status":"open","sticky":false,"template":"","format":"standard","meta":[],"categories":[1],"tags":[],"_links":{"self":[{"href":"https:\/\/fundacjapronautis.pl\/index.php\/wp-json\/wp\/v2\/posts\/3765"}],"collection":[{"href":"https:\/\/fundacjapronautis.pl\/index.php\/wp-json\/wp\/v2\/posts"}],"about":[{"href":"https:\/\/fundacjapronautis.pl\/index.php\/wp-json\/wp\/v2\/types\/post"}],"author":[{"embeddable":true,"href":"https:\/\/fundacjapronautis.pl\/index.php\/wp-json\/wp\/v2\/users\/3"}],"replies":[{"embeddable":true,"href":"https:\/\/fundacjapronautis.pl\/index.php\/wp-json\/wp\/v2\/comments?post=3765"}],"version-history":[{"count":5,"href":"https:\/\/fundacjapronautis.pl\/index.php\/wp-json\/wp\/v2\/posts\/3765\/revisions"}],"predecessor-version":[{"id":3772,"href":"https:\/\/fundacjapronautis.pl\/index.php\/wp-json\/wp\/v2\/posts\/3765\/revisions\/3772"}],"wp:featuredmedia":[{"embeddable":true,"href":"https:\/\/fundacjapronautis.pl\/index.php\/wp-json\/wp\/v2\/media\/3767"}],"wp:attachment":[{"href":"https:\/\/fundacjapronautis.pl\/index.php\/wp-json\/wp\/v2\/media?parent=3765"}],"wp:term":[{"taxonomy":"category","embeddable":true,"href":"https:\/\/fundacjapronautis.pl\/index.php\/wp-json\/wp\/v2\/categories?post=3765"},{"taxonomy":"post_tag","embeddable":true,"href":"https:\/\/fundacjapronautis.pl\/index.php\/wp-json\/wp\/v2\/tags?post=3765"}],"curies":[{"name":"wp","href":"https:\/\/api.w.org\/{rel}","templated":true}]}}