{"id":3935,"date":"2025-11-30T09:51:04","date_gmt":"2025-11-30T08:51:04","guid":{"rendered":"https:\/\/fundacjapronautis.pl\/?p=3935"},"modified":"2025-12-01T09:56:45","modified_gmt":"2025-12-01T08:56:45","slug":"aktywny-listopad-w-klubach-seniora-w-gminie-gniezno","status":"publish","type":"post","link":"https:\/\/fundacjapronautis.pl\/index.php\/2025\/11\/30\/aktywny-listopad-w-klubach-seniora-w-gminie-gniezno\/","title":{"rendered":"Aktywny listopad w klubach seniora w Gminie Gniezno"},"content":{"rendered":"<div class=\"xdj266r x14z9mp xat24cr x1lziwak x1vvkbs x126k92a\">\n<div dir=\"auto\">Z okazji pierwszej niedzieli Adwentu seniorzy z Gminy Gniezno przygotowali w ostatnim tygodniu listopada, na warsztatach z Natali\u0105 Gniatyczyk-Kuczy\u0144sk\u0105 swoje w\u0142asne stroiki adwentowe, rozpoczynaj\u0105c w ten spos\u00f3b czas oczekiwania na \u015awi\u0119ta Bo\u017cego Narodzenia <span class=\"html-span xexx8yu xyri2b x18d9i69 x1c1uobl x1hl2dhg x16tdsg8 x1vvkbs x3nfvp2 x1j61x8r x1fcty0u xdj266r xat24cr xm2jcoa x1mpyi22 xxymvpz xlup9mm x1kky2od\"><img decoding=\"async\" loading=\"lazy\" class=\"xz74otr x15mokao x1ga7v0g x16uus16 xbiv7yw\" src=\"https:\/\/static.xx.fbcdn.net\/images\/emoji.php\/v9\/t7\/1\/16\/1f384.png\" alt=\"\ud83c\udf84\" width=\"16\" height=\"16\" \/><\/span><\/div>\n<\/div>\n<div class=\"x14z9mp xat24cr x1lziwak x1vvkbs xtlvy1s x126k92a\">\n<div dir=\"auto\">W tym miesi\u0105cu w klubach odby\u0142y si\u0119 r\u00f3wnie\u017c warsztaty z psychologiem Magdalen\u0105 Prus pod has\u0142em \u201ePrzejmowanie kontroli nad \u017cyciem. Rozwijanie postaw samodzielnych\u201d. Zaj\u0119cia mia\u0142y charakter wzmacniaj\u0105cy poczucie w\u0142asnej warto\u015bci oraz wspieraj\u0105cy rozw\u00f3j umiej\u0119tno\u015bci radzenia sobie w codziennych sytuacjach.<span class=\"html-span xexx8yu xyri2b x18d9i69 x1c1uobl x1hl2dhg x16tdsg8 x1vvkbs x3nfvp2 x1j61x8r x1fcty0u xdj266r xat24cr xm2jcoa x1mpyi22 xxymvpz xlup9mm x1kky2od\"><img decoding=\"async\" loading=\"lazy\" class=\"xz74otr x15mokao x1ga7v0g x16uus16 xbiv7yw\" src=\"https:\/\/static.xx.fbcdn.net\/images\/emoji.php\/v9\/t6c\/1\/16\/1f4aa.png\" alt=\"\ud83d\udcaa\" width=\"16\" height=\"16\" \/><\/span><span class=\"html-span xexx8yu xyri2b x18d9i69 x1c1uobl x1hl2dhg x16tdsg8 x1vvkbs x3nfvp2 x1j61x8r x1fcty0u xdj266r xat24cr xm2jcoa x1mpyi22 xxymvpz xlup9mm x1kky2od\"><img decoding=\"async\" loading=\"lazy\" class=\"xz74otr x15mokao x1ga7v0g x16uus16 xbiv7yw\" src=\"https:\/\/static.xx.fbcdn.net\/images\/emoji.php\/v9\/t58\/1\/16\/1f929.png\" alt=\"\ud83e\udd29\" width=\"16\" height=\"16\" \/><\/span><\/div>\n<\/div>\n<div class=\"x14z9mp xat24cr x1lziwak x1vvkbs xtlvy1s x126k92a\">\n<div dir=\"auto\">Seniorzy uczestniczyli tak\u017ce w warsztatach muzycznych<span class=\"html-span xexx8yu xyri2b x18d9i69 x1c1uobl x1hl2dhg x16tdsg8 x1vvkbs x3nfvp2 x1j61x8r x1fcty0u xdj266r xat24cr xm2jcoa x1mpyi22 xxymvpz xlup9mm x1kky2od\"><img decoding=\"async\" loading=\"lazy\" class=\"xz74otr x15mokao x1ga7v0g x16uus16 xbiv7yw\" src=\"https:\/\/static.xx.fbcdn.net\/images\/emoji.php\/v9\/ta2\/1\/16\/1f3b9.png\" alt=\"\ud83c\udfb9\" width=\"16\" height=\"16\" \/><\/span>, prowadzonych przez Bartosza Szczeszka, podczas kt\u00f3rych wsp\u00f3lnie \u015bpiewali polskie pie\u015bni patriotyczne, tworz\u0105c atmosfer\u0119 integracji i mi\u0119dzypokoleniowej pami\u0119ci z okazji 11 listopada \u015awi\u0119ta Niepodleg\u0142o\u015bci Polski.<\/div>\n<\/div>\n<div class=\"x14z9mp xat24cr x1lziwak x1vvkbs xtlvy1s x126k92a\">\n<div dir=\"auto\"><span class=\"html-span xdj266r x14z9mp xat24cr x1lziwak xexx8yu xyri2b x18d9i69 x1c1uobl x1hl2dhg x16tdsg8 x1vvkbs\"><a class=\"x1i10hfl xjbqb8w x1ejq31n x18oe1m7 x1sy0etr xstzfhl x972fbf x10w94by x1qhh985 x14e42zd x9f619 x1ypdohk xt0psk2 x3ct3a4 xdj266r x14z9mp xat24cr x1lziwak xexx8yu xyri2b x18d9i69 x1c1uobl x16tdsg8 x1hl2dhg xggy1nq x1a2a7pz xkrqix3 x1sur9pj x1fey0fg x1s688f\" tabindex=\"0\" role=\"link\" href=\"https:\/\/www.facebook.com\/profile.php?id=100081960185540&amp;__cft__[0]=AZXsXgU_KFvj-4Abq5OpGmYyCyBM_-KoZIS-TdZ1KvnU0oWqAklrzVHHkqCP1s6tlSBfeYwR3uOjUmObFA6S22IUMssV0KzotcQjR6bB2TY3UHjS8vBT4WK8Ig-_lzUy_RxMyfBrR7DS7rMd9sTKpooZdVYJY746s71mEqs7Q7JpRK_KON0AT33CHlBkKbn1ook&amp;__tn__=-]K-R\"><span class=\"xt0psk2\"><span class=\"xjp7ctv\">Seniorzy Gminy Gniezno<\/span><\/span><\/a><\/span><\/div>\n<div dir=\"auto\"><span class=\"html-span xdj266r x14z9mp xat24cr x1lziwak xexx8yu xyri2b x18d9i69 x1c1uobl x1hl2dhg x16tdsg8 x1vvkbs\"><a class=\"x1i10hfl xjbqb8w x1ejq31n x18oe1m7 x1sy0etr xstzfhl x972fbf x10w94by x1qhh985 x14e42zd x9f619 x1ypdohk xt0psk2 x3ct3a4 xdj266r x14z9mp xat24cr x1lziwak xexx8yu xyri2b x18d9i69 x1c1uobl x16tdsg8 x1hl2dhg xggy1nq x1a2a7pz xkrqix3 x1sur9pj x1fey0fg x1s688f\" tabindex=\"0\" role=\"link\" href=\"https:\/\/www.facebook.com\/GminaGniezno?__cft__[0]=AZXsXgU_KFvj-4Abq5OpGmYyCyBM_-KoZIS-TdZ1KvnU0oWqAklrzVHHkqCP1s6tlSBfeYwR3uOjUmObFA6S22IUMssV0KzotcQjR6bB2TY3UHjS8vBT4WK8Ig-_lzUy_RxMyfBrR7DS7rMd9sTKpooZdVYJY746s71mEqs7Q7JpRK_KON0AT33CHlBkKbn1ook&amp;__tn__=-]K-R\"><span class=\"xt0psk2\"><span class=\"xjp7ctv\">Gmina Gniezno<\/span><\/span><\/a><\/span><\/div>\n<\/div>\n<div class=\"x14z9mp xat24cr x1lziwak x1vvkbs xtlvy1s x126k92a\">\n<div dir=\"auto\">Zaj\u0119cia zrealizowane zosta\u0142y w ramach projektu &#8220;Aktywizacja spo\u0142eczna senior\u00f3w poprze zaj\u0119cia edukacyjne, terapeutyczne, rekreacyjne&#8221; dofinansowanego ze \u015brodk\u00f3w Gminy Gniezno zadania publicznego Dzia\u0142alno\u015b\u0107 na rzecz senior\u00f3w b\u0119d\u0105cych mieszka\u0144cami Gminy Gniezno<\/div>\n<div dir=\"auto\"><\/div>\n<\/div>\n","protected":false},"excerpt":{"rendered":"<p>Z okazji pierwszej niedzieli Adwentu seniorzy z Gminy Gniezno przygotowali w ostatnim tygodniu listopada, na warsztatach z Natali\u0105 Gniatyczyk-Kuczy\u0144sk\u0105 swoje w\u0142asne stroiki adwentowe, rozpoczynaj\u0105c w ten spos\u00f3b czas oczekiwania na \u015awi\u0119ta Bo\u017cego Narodzenia W tym miesi\u0105cu w klubach odby\u0142y si\u0119 r\u00f3wnie\u017c warsztaty z psychologiem Magdalen\u0105 Prus pod has\u0142em \u201ePrzejmowanie kontroli.<\/p>\n","protected":false},"author":3,"featured_media":3936,"comment_status":"open","ping_status":"open","sticky":false,"template":"","format":"standard","meta":[],"categories":[1],"tags":[],"_links":{"self":[{"href":"https:\/\/fundacjapronautis.pl\/index.php\/wp-json\/wp\/v2\/posts\/3935"}],"collection":[{"href":"https:\/\/fundacjapronautis.pl\/index.php\/wp-json\/wp\/v2\/posts"}],"about":[{"href":"https:\/\/fundacjapronautis.pl\/index.php\/wp-json\/wp\/v2\/types\/post"}],"author":[{"embeddable":true,"href":"https:\/\/fundacjapronautis.pl\/index.php\/wp-json\/wp\/v2\/users\/3"}],"replies":[{"embeddable":true,"href":"https:\/\/fundacjapronautis.pl\/index.php\/wp-json\/wp\/v2\/comments?post=3935"}],"version-history":[{"count":2,"href":"https:\/\/fundacjapronautis.pl\/index.php\/wp-json\/wp\/v2\/posts\/3935\/revisions"}],"predecessor-version":[{"id":3938,"href":"https:\/\/fundacjapronautis.pl\/index.php\/wp-json\/wp\/v2\/posts\/3935\/revisions\/3938"}],"wp:featuredmedia":[{"embeddable":true,"href":"https:\/\/fundacjapronautis.pl\/index.php\/wp-json\/wp\/v2\/media\/3936"}],"wp:attachment":[{"href":"https:\/\/fundacjapronautis.pl\/index.php\/wp-json\/wp\/v2\/media?parent=3935"}],"wp:term":[{"taxonomy":"category","embeddable":true,"href":"https:\/\/fundacjapronautis.pl\/index.php\/wp-json\/wp\/v2\/categories?post=3935"},{"taxonomy":"post_tag","embeddable":true,"href":"https:\/\/fundacjapronautis.pl\/index.php\/wp-json\/wp\/v2\/tags?post=3935"}],"curies":[{"name":"wp","href":"https:\/\/api.w.org\/{rel}","templated":true}]}}